{"id":463,"date":"2015-06-22T15:53:37","date_gmt":"2015-06-22T21:53:37","guid":{"rendered":"http:\/\/www.greencentercr.com\/?p=463"},"modified":"2017-06-07T12:29:18","modified_gmt":"2017-06-07T18:29:18","slug":"el-papa-francisco-presenta-su-nueva-enciclica-enfocada-en-el-medio-ambiente","status":"publish","type":"post","link":"https:\/\/www.greencentercr.com\/en\/sostenibilidad\/el-papa-francisco-presenta-su-nueva-enciclica-enfocada-en-el-medio-ambiente\/","title":{"rendered":"El Papa Francisco presenta su nueva enc\u00edclica, enfocada en el medio ambiente."},"content":{"rendered":"<p>Esta noticia y la implicaci\u00f3n de su posible impacto alrededor del mundo han sacudido las redes sociales. Ya empez\u00f3 una conversaci\u00f3n, esperamos que logre mucho m\u00e1s.<\/p>\n<p>http:\/\/www.nacion.com\/mundo\/Papa-Francisco-degradacion-ambiental-enciclica_0_1493650702.html<\/p>\n","protected":false},"excerpt":{"rendered":"<p>Esta noticia y la implicaci\u00f3n de su posible impacto alrededor del mundo han sacudido las redes sociales. Ya empez\u00f3 una conversaci\u00f3n, esperamos que logre mucho m\u00e1s. http:\/\/www.nacion.com\/mundo\/Papa-Francisco-degradacion-ambiental-enciclica_0_1493650702.html<\/p>\n","protected":false},"author":2,"featured_media":465,"comment_status":"open","ping_status":"open","sticky":false,"template":"","format":"standard","meta":{"footnotes":""},"categories":[81],"tags":[],"class_list":["post-463","post","type-post","status-publish","format-standard","has-post-thumbnail","hentry","category-sostenibilidad"],"yoast_head":"<!-- This site is optimized with the Yoast SEO plugin v27.5 - https:\/\/yoast.com\/product\/yoast-seo-wordpress\/ -->\n<title>El Papa Francisco presenta su nueva enc\u00edclica, enfocada en el medio ambiente. &#8226; Green Center<\/title>\n<meta name=\"robots\" content=\"index, follow, max-snippet:-1, max-image-preview:large, max-video-preview:-1\" \/>\n<link rel=\"canonical\" href=\"https:\/\/en.greencentercr.com\/sustainability\/el-papa-francisco-presenta-su-nueva-enciclica-enfocada-en-el-medio-ambiente\/\" \/>\n<meta property=\"og:locale\" content=\"en_US\" \/>\n<meta property=\"og:type\" content=\"article\" \/>\n<meta property=\"og:title\" content=\"El Papa Francisco presenta su nueva enc\u00edclica, enfocada en el medio ambiente. &#8226; Green Center\" \/>\n<meta property=\"og:description\" content=\"Esta noticia y la implicaci\u00f3n de su posible impacto alrededor del mundo han sacudido las redes sociales. Ya empez\u00f3 una conversaci\u00f3n, esperamos que logre mucho m\u00e1s. http:\/\/www.nacion.com\/mundo\/Papa-Francisco-degradacion-ambiental-enciclica_0_1493650702.html\" \/>\n<meta property=\"og:url\" content=\"https:\/\/en.greencentercr.com\/sustainability\/el-papa-francisco-presenta-su-nueva-enciclica-enfocada-en-el-medio-ambiente\/\" \/>\n<meta property=\"og:site_name\" content=\"Green Center\" \/>\n<meta property=\"article:published_time\" content=\"2015-06-22T21:53:37+00:00\" \/>\n<meta property=\"article:modified_time\" content=\"2017-06-07T18:29:18+00:00\" \/>\n<meta property=\"og:image\" content=\"https:\/\/en.greencentercr.com\/wp-content\/uploads\/2016\/10\/Papa-Francisco.jpg\" \/>\n\t<meta property=\"og:image:width\" content=\"382\" \/>\n\t<meta property=\"og:image:height\" content=\"310\" \/>\n\t<meta property=\"og:image:type\" content=\"image\/jpeg\" \/>\n<meta name=\"author\" content=\"Green Center\" \/>\n<meta name=\"twitter:card\" content=\"summary_large_image\" \/>\n<meta name=\"twitter:label1\" content=\"Written by\" \/>\n\t<meta name=\"twitter:data1\" content=\"Green Center\" \/>\n<script type=\"application\/ld+json\" class=\"yoast-schema-graph\">{\"@context\":\"https:\\\/\\\/schema.org\",\"@graph\":[{\"@type\":\"Article\",\"@id\":\"https:\\\/\\\/en.greencentercr.com\\\/sustainability\\\/el-papa-francisco-presenta-su-nueva-enciclica-enfocada-en-el-medio-ambiente\\\/#article\",\"isPartOf\":{\"@id\":\"https:\\\/\\\/en.greencentercr.com\\\/sustainability\\\/el-papa-francisco-presenta-su-nueva-enciclica-enfocada-en-el-medio-ambiente\\\/\"},\"author\":{\"name\":\"Green Center\",\"@id\":\"https:\\\/\\\/en.greencentercr.com\\\/#\\\/schema\\\/person\\\/b850748da99c8da7541a00bc8539eed9\"},\"headline\":\"El Papa Francisco presenta su nueva enc\u00edclica, enfocada en el medio ambiente.\",\"datePublished\":\"2015-06-22T21:53:37+00:00\",\"dateModified\":\"2017-06-07T18:29:18+00:00\",\"mainEntityOfPage\":{\"@id\":\"https:\\\/\\\/en.greencentercr.com\\\/sustainability\\\/el-papa-francisco-presenta-su-nueva-enciclica-enfocada-en-el-medio-ambiente\\\/\"},\"wordCount\":49,\"commentCount\":0,\"publisher\":{\"@id\":\"https:\\\/\\\/en.greencentercr.com\\\/#organization\"},\"image\":{\"@id\":\"https:\\\/\\\/en.greencentercr.com\\\/sustainability\\\/el-papa-francisco-presenta-su-nueva-enciclica-enfocada-en-el-medio-ambiente\\\/#primaryimage\"},\"thumbnailUrl\":\"https:\\\/\\\/www.greencentercr.com\\\/wp-content\\\/uploads\\\/2016\\\/10\\\/Papa-Francisco.jpg\",\"articleSection\":[\"Sostenibilidad\"],\"inLanguage\":\"en-US\",\"potentialAction\":[{\"@type\":\"CommentAction\",\"name\":\"Comment\",\"target\":[\"https:\\\/\\\/en.greencentercr.com\\\/sustainability\\\/el-papa-francisco-presenta-su-nueva-enciclica-enfocada-en-el-medio-ambiente\\\/#respond\"]}]},{\"@type\":\"WebPage\",\"@id\":\"https:\\\/\\\/en.greencentercr.com\\\/sustainability\\\/el-papa-francisco-presenta-su-nueva-enciclica-enfocada-en-el-medio-ambiente\\\/\",\"url\":\"https:\\\/\\\/en.greencentercr.com\\\/sustainability\\\/el-papa-francisco-presenta-su-nueva-enciclica-enfocada-en-el-medio-ambiente\\\/\",\"name\":\"El Papa Francisco presenta su nueva enc\u00edclica, enfocada en el medio ambiente. &#8226; Green Center\",\"isPartOf\":{\"@id\":\"https:\\\/\\\/en.greencentercr.com\\\/#website\"},\"primaryImageOfPage\":{\"@id\":\"https:\\\/\\\/en.greencentercr.com\\\/sustainability\\\/el-papa-francisco-presenta-su-nueva-enciclica-enfocada-en-el-medio-ambiente\\\/#primaryimage\"},\"image\":{\"@id\":\"https:\\\/\\\/en.greencentercr.com\\\/sustainability\\\/el-papa-francisco-presenta-su-nueva-enciclica-enfocada-en-el-medio-ambiente\\\/#primaryimage\"},\"thumbnailUrl\":\"https:\\\/\\\/www.greencentercr.com\\\/wp-content\\\/uploads\\\/2016\\\/10\\\/Papa-Francisco.jpg\",\"datePublished\":\"2015-06-22T21:53:37+00:00\",\"dateModified\":\"2017-06-07T18:29:18+00:00\",\"breadcrumb\":{\"@id\":\"https:\\\/\\\/en.greencentercr.com\\\/sustainability\\\/el-papa-francisco-presenta-su-nueva-enciclica-enfocada-en-el-medio-ambiente\\\/#breadcrumb\"},\"inLanguage\":\"en-US\",\"potentialAction\":[{\"@type\":\"ReadAction\",\"target\":[\"https:\\\/\\\/en.greencentercr.com\\\/sustainability\\\/el-papa-francisco-presenta-su-nueva-enciclica-enfocada-en-el-medio-ambiente\\\/\"]}]},{\"@type\":\"ImageObject\",\"inLanguage\":\"en-US\",\"@id\":\"https:\\\/\\\/en.greencentercr.com\\\/sustainability\\\/el-papa-francisco-presenta-su-nueva-enciclica-enfocada-en-el-medio-ambiente\\\/#primaryimage\",\"url\":\"https:\\\/\\\/www.greencentercr.com\\\/wp-content\\\/uploads\\\/2016\\\/10\\\/Papa-Francisco.jpg\",\"contentUrl\":\"https:\\\/\\\/www.greencentercr.com\\\/wp-content\\\/uploads\\\/2016\\\/10\\\/Papa-Francisco.jpg\",\"width\":382,\"height\":310,\"caption\":\"Papa Francisco\"},{\"@type\":\"BreadcrumbList\",\"@id\":\"https:\\\/\\\/en.greencentercr.com\\\/sustainability\\\/el-papa-francisco-presenta-su-nueva-enciclica-enfocada-en-el-medio-ambiente\\\/#breadcrumb\",\"itemListElement\":[{\"@type\":\"ListItem\",\"position\":1,\"name\":\"Portada\",\"item\":\"https:\\\/\\\/www.greencentercr.com\\\/en\\\/\"},{\"@type\":\"ListItem\",\"position\":2,\"name\":\"El Papa Francisco presenta su nueva enc\u00edclica, enfocada en el medio ambiente.\"}]},{\"@type\":\"WebSite\",\"@id\":\"https:\\\/\\\/en.greencentercr.com\\\/#website\",\"url\":\"https:\\\/\\\/en.greencentercr.com\\\/\",\"name\":\"Green Center\",\"description\":\"Supermercado Org\u00e1nico\",\"publisher\":{\"@id\":\"https:\\\/\\\/en.greencentercr.com\\\/#organization\"},\"potentialAction\":[{\"@type\":\"SearchAction\",\"target\":{\"@type\":\"EntryPoint\",\"urlTemplate\":\"https:\\\/\\\/en.greencentercr.com\\\/?s={search_term_string}\"},\"query-input\":{\"@type\":\"PropertyValueSpecification\",\"valueRequired\":true,\"valueName\":\"search_term_string\"}}],\"inLanguage\":\"en-US\"},{\"@type\":\"Organization\",\"@id\":\"https:\\\/\\\/en.greencentercr.com\\\/#organization\",\"name\":\"Green Center Costa Rica S.A.\",\"url\":\"https:\\\/\\\/en.greencentercr.com\\\/\",\"logo\":{\"@type\":\"ImageObject\",\"inLanguage\":\"en-US\",\"@id\":\"https:\\\/\\\/en.greencentercr.com\\\/#\\\/schema\\\/logo\\\/image\\\/\",\"url\":\"https:\\\/\\\/www.greencentercr.com\\\/wp-content\\\/uploads\\\/2016\\\/10\\\/LOGO_GC.png\",\"contentUrl\":\"https:\\\/\\\/www.greencentercr.com\\\/wp-content\\\/uploads\\\/2016\\\/10\\\/LOGO_GC.png\",\"width\":200,\"height\":100,\"caption\":\"Green Center Costa Rica S.A.\"},\"image\":{\"@id\":\"https:\\\/\\\/en.greencentercr.com\\\/#\\\/schema\\\/logo\\\/image\\\/\"}},{\"@type\":\"Person\",\"@id\":\"https:\\\/\\\/en.greencentercr.com\\\/#\\\/schema\\\/person\\\/b850748da99c8da7541a00bc8539eed9\",\"name\":\"Green Center\",\"image\":{\"@type\":\"ImageObject\",\"inLanguage\":\"en-US\",\"@id\":\"https:\\\/\\\/secure.gravatar.com\\\/avatar\\\/2ba28ee6d0f7165143f2e4b5d4c761941a29d250a7e6052589ace27a6911a996?s=96&d=mm&r=g\",\"url\":\"https:\\\/\\\/secure.gravatar.com\\\/avatar\\\/2ba28ee6d0f7165143f2e4b5d4c761941a29d250a7e6052589ace27a6911a996?s=96&d=mm&r=g\",\"contentUrl\":\"https:\\\/\\\/secure.gravatar.com\\\/avatar\\\/2ba28ee6d0f7165143f2e4b5d4c761941a29d250a7e6052589ace27a6911a996?s=96&d=mm&r=g\",\"caption\":\"Green Center\"}}]}<\/script>\n<!-- \/ Yoast SEO plugin. -->","yoast_head_json":{"title":"El Papa Francisco presenta su nueva enc\u00edclica, enfocada en el medio ambiente. &#8226; Green Center","robots":{"index":"index","follow":"follow","max-snippet":"max-snippet:-1","max-image-preview":"max-image-preview:large","max-video-preview":"max-video-preview:-1"},"canonical":"https:\/\/en.greencentercr.com\/sustainability\/el-papa-francisco-presenta-su-nueva-enciclica-enfocada-en-el-medio-ambiente\/","og_locale":"en_US","og_type":"article","og_title":"El Papa Francisco presenta su nueva enc\u00edclica, enfocada en el medio ambiente. &#8226; Green Center","og_description":"Esta noticia y la implicaci\u00f3n de su posible impacto alrededor del mundo han sacudido las redes sociales. Ya empez\u00f3 una conversaci\u00f3n, esperamos que logre mucho m\u00e1s. http:\/\/www.nacion.com\/mundo\/Papa-Francisco-degradacion-ambiental-enciclica_0_1493650702.html","og_url":"https:\/\/en.greencentercr.com\/sustainability\/el-papa-francisco-presenta-su-nueva-enciclica-enfocada-en-el-medio-ambiente\/","og_site_name":"Green Center","article_published_time":"2015-06-22T21:53:37+00:00","article_modified_time":"2017-06-07T18:29:18+00:00","og_image":[{"width":382,"height":310,"url":"https:\/\/en.greencentercr.com\/wp-content\/uploads\/2016\/10\/Papa-Francisco.jpg","type":"image\/jpeg"}],"author":"Green Center","twitter_card":"summary_large_image","twitter_misc":{"Written by":"Green Center"},"schema":{"@context":"https:\/\/schema.org","@graph":[{"@type":"Article","@id":"https:\/\/en.greencentercr.com\/sustainability\/el-papa-francisco-presenta-su-nueva-enciclica-enfocada-en-el-medio-ambiente\/#article","isPartOf":{"@id":"https:\/\/en.greencentercr.com\/sustainability\/el-papa-francisco-presenta-su-nueva-enciclica-enfocada-en-el-medio-ambiente\/"},"author":{"name":"Green Center","@id":"https:\/\/en.greencentercr.com\/#\/schema\/person\/b850748da99c8da7541a00bc8539eed9"},"headline":"El Papa Francisco presenta su nueva enc\u00edclica, enfocada en el medio ambiente.","datePublished":"2015-06-22T21:53:37+00:00","dateModified":"2017-06-07T18:29:18+00:00","mainEntityOfPage":{"@id":"https:\/\/en.greencentercr.com\/sustainability\/el-papa-francisco-presenta-su-nueva-enciclica-enfocada-en-el-medio-ambiente\/"},"wordCount":49,"commentCount":0,"publisher":{"@id":"https:\/\/en.greencentercr.com\/#organization"},"image":{"@id":"https:\/\/en.greencentercr.com\/sustainability\/el-papa-francisco-presenta-su-nueva-enciclica-enfocada-en-el-medio-ambiente\/#primaryimage"},"thumbnailUrl":"https:\/\/www.greencentercr.com\/wp-content\/uploads\/2016\/10\/Papa-Francisco.jpg","articleSection":["Sostenibilidad"],"inLanguage":"en-US","potentialAction":[{"@type":"CommentAction","name":"Comment","target":["https:\/\/en.greencentercr.com\/sustainability\/el-papa-francisco-presenta-su-nueva-enciclica-enfocada-en-el-medio-ambiente\/#respond"]}]},{"@type":"WebPage","@id":"https:\/\/en.greencentercr.com\/sustainability\/el-papa-francisco-presenta-su-nueva-enciclica-enfocada-en-el-medio-ambiente\/","url":"https:\/\/en.greencentercr.com\/sustainability\/el-papa-francisco-presenta-su-nueva-enciclica-enfocada-en-el-medio-ambiente\/","name":"El Papa Francisco presenta su nueva enc\u00edclica, enfocada en el medio ambiente. &#8226; Green Center","isPartOf":{"@id":"https:\/\/en.greencentercr.com\/#website"},"primaryImageOfPage":{"@id":"https:\/\/en.greencentercr.com\/sustainability\/el-papa-francisco-presenta-su-nueva-enciclica-enfocada-en-el-medio-ambiente\/#primaryimage"},"image":{"@id":"https:\/\/en.greencentercr.com\/sustainability\/el-papa-francisco-presenta-su-nueva-enciclica-enfocada-en-el-medio-ambiente\/#primaryimage"},"thumbnailUrl":"https:\/\/www.greencentercr.com\/wp-content\/uploads\/2016\/10\/Papa-Francisco.jpg","datePublished":"2015-06-22T21:53:37+00:00","dateModified":"2017-06-07T18:29:18+00:00","breadcrumb":{"@id":"https:\/\/en.greencentercr.com\/sustainability\/el-papa-francisco-presenta-su-nueva-enciclica-enfocada-en-el-medio-ambiente\/#breadcrumb"},"inLanguage":"en-US","potentialAction":[{"@type":"ReadAction","target":["https:\/\/en.greencentercr.com\/sustainability\/el-papa-francisco-presenta-su-nueva-enciclica-enfocada-en-el-medio-ambiente\/"]}]},{"@type":"ImageObject","inLanguage":"en-US","@id":"https:\/\/en.greencentercr.com\/sustainability\/el-papa-francisco-presenta-su-nueva-enciclica-enfocada-en-el-medio-ambiente\/#primaryimage","url":"https:\/\/www.greencentercr.com\/wp-content\/uploads\/2016\/10\/Papa-Francisco.jpg","contentUrl":"https:\/\/www.greencentercr.com\/wp-content\/uploads\/2016\/10\/Papa-Francisco.jpg","width":382,"height":310,"caption":"Papa Francisco"},{"@type":"BreadcrumbList","@id":"https:\/\/en.greencentercr.com\/sustainability\/el-papa-francisco-presenta-su-nueva-enciclica-enfocada-en-el-medio-ambiente\/#breadcrumb","itemListElement":[{"@type":"ListItem","position":1,"name":"Portada","item":"https:\/\/www.greencentercr.com\/en\/"},{"@type":"ListItem","position":2,"name":"El Papa Francisco presenta su nueva enc\u00edclica, enfocada en el medio ambiente."}]},{"@type":"WebSite","@id":"https:\/\/en.greencentercr.com\/#website","url":"https:\/\/en.greencentercr.com\/","name":"Green Center","description":"Supermercado Org\u00e1nico","publisher":{"@id":"https:\/\/en.greencentercr.com\/#organization"},"potentialAction":[{"@type":"SearchAction","target":{"@type":"EntryPoint","urlTemplate":"https:\/\/en.greencentercr.com\/?s={search_term_string}"},"query-input":{"@type":"PropertyValueSpecification","valueRequired":true,"valueName":"search_term_string"}}],"inLanguage":"en-US"},{"@type":"Organization","@id":"https:\/\/en.greencentercr.com\/#organization","name":"Green Center Costa Rica S.A.","url":"https:\/\/en.greencentercr.com\/","logo":{"@type":"ImageObject","inLanguage":"en-US","@id":"https:\/\/en.greencentercr.com\/#\/schema\/logo\/image\/","url":"https:\/\/www.greencentercr.com\/wp-content\/uploads\/2016\/10\/LOGO_GC.png","contentUrl":"https:\/\/www.greencentercr.com\/wp-content\/uploads\/2016\/10\/LOGO_GC.png","width":200,"height":100,"caption":"Green Center Costa Rica S.A."},"image":{"@id":"https:\/\/en.greencentercr.com\/#\/schema\/logo\/image\/"}},{"@type":"Person","@id":"https:\/\/en.greencentercr.com\/#\/schema\/person\/b850748da99c8da7541a00bc8539eed9","name":"Green Center","image":{"@type":"ImageObject","inLanguage":"en-US","@id":"https:\/\/secure.gravatar.com\/avatar\/2ba28ee6d0f7165143f2e4b5d4c761941a29d250a7e6052589ace27a6911a996?s=96&d=mm&r=g","url":"https:\/\/secure.gravatar.com\/avatar\/2ba28ee6d0f7165143f2e4b5d4c761941a29d250a7e6052589ace27a6911a996?s=96&d=mm&r=g","contentUrl":"https:\/\/secure.gravatar.com\/avatar\/2ba28ee6d0f7165143f2e4b5d4c761941a29d250a7e6052589ace27a6911a996?s=96&d=mm&r=g","caption":"Green Center"}}]}},"_links":{"self":[{"href":"https:\/\/www.greencentercr.com\/en\/wp-json\/wp\/v2\/posts\/463","targetHints":{"allow":["GET"]}}],"collection":[{"href":"https:\/\/www.greencentercr.com\/en\/wp-json\/wp\/v2\/posts"}],"about":[{"href":"https:\/\/www.greencentercr.com\/en\/wp-json\/wp\/v2\/types\/post"}],"author":[{"embeddable":true,"href":"https:\/\/www.greencentercr.com\/en\/wp-json\/wp\/v2\/users\/2"}],"replies":[{"embeddable":true,"href":"https:\/\/www.greencentercr.com\/en\/wp-json\/wp\/v2\/comments?post=463"}],"version-history":[{"count":2,"href":"https:\/\/www.greencentercr.com\/en\/wp-json\/wp\/v2\/posts\/463\/revisions"}],"predecessor-version":[{"id":466,"href":"https:\/\/www.greencentercr.com\/en\/wp-json\/wp\/v2\/posts\/463\/revisions\/466"}],"wp:featuredmedia":[{"embeddable":true,"href":"https:\/\/www.greencentercr.com\/en\/wp-json\/wp\/v2\/media\/465"}],"wp:attachment":[{"href":"https:\/\/www.greencentercr.com\/en\/wp-json\/wp\/v2\/media?parent=463"}],"wp:term":[{"taxonomy":"category","embeddable":true,"href":"https:\/\/www.greencentercr.com\/en\/wp-json\/wp\/v2\/categories?post=463"},{"taxonomy":"post_tag","embeddable":true,"href":"https:\/\/www.greencentercr.com\/en\/wp-json\/wp\/v2\/tags?post=463"}],"curies":[{"name":"wp","href":"https:\/\/api.w.org\/{rel}","templated":true}]}}